[{"@context":"https:\/\/schema.org\/","@type":"Article","@id":"https:\/\/www.lukre.cz\/proc-v-madarsku-dozrava-paprika-lepe-nez-jinde\/#Article","mainEntityOfPage":"https:\/\/www.lukre.cz\/proc-v-madarsku-dozrava-paprika-lepe-nez-jinde\/","headline":"Pro\u010d v Ma\u010farsku dozr\u00e1v\u00e1 paprika l\u00e9pe, ne\u017e jinde","name":"Pro\u010d v Ma\u010farsku dozr\u00e1v\u00e1 paprika l\u00e9pe, ne\u017e jinde","description":"Kdy\u017e si bude cht\u00edt n\u011bkdo z v\u00e1s vyp\u011bstovat na zahrad\u011b papriku, a nep\u016fjde zrovna o typickou zem\u011bd\u011blskou a velmi \u00farodnou oblast B\u0159eclavska, Han\u00e9 \u010di Polab\u00ed, bude ji pravd\u011bpodobn\u011b m\u00edt vys\u00e1zenou ve sklen\u00edku. Na\u0161e \u00fazem\u00ed nem\u00e1 zkr\u00e1tka p\u0159\u00edli\u0161 ide\u00e1ln\u00ed podm\u00ednky pro p\u011bstov\u00e1n\u00ed t\u011bchto druh\u016f zeleniny, jako je tomu v Ma\u010farsku. Ma\u010fa\u0159i se zem\u011bd\u011blsk\u00e9 \u010dinnosti v\u011bnuj\u00ed ji\u017e [&hellip;]","datePublished":"2021-09-21","dateModified":"2023-10-13","author":{"@type":"Person","@id":"https:\/\/www.lukre.cz\/author\/#Person","name":"","url":"https:\/\/www.lukre.cz\/author\/","identifier":1,"image":{"@type":"ImageObject","@id":"https:\/\/secure.gravatar.com\/avatar\/6eaf701939e92690bed32d6f2e2c0f9e1355f2e3837c1fb45fbfacf848239e2d?s=96&d=mm&r=g","url":"https:\/\/secure.gravatar.com\/avatar\/6eaf701939e92690bed32d6f2e2c0f9e1355f2e3837c1fb45fbfacf848239e2d?s=96&d=mm&r=g","height":96,"width":96}},"publisher":{"@type":"Organization","name":"lukre.cz","logo":{"@type":"ImageObject","@id":"\/logo.png","url":"\/logo.png","width":600,"height":60}},"image":{"@type":"ImageObject","@id":"https:\/\/www.lukre.cz\/wp-content\/uploads\/ma%C4%8Farsk%C3%A1%20zelenina.jpg","url":"https:\/\/www.lukre.cz\/wp-content\/uploads\/ma%C4%8Farsk%C3%A1%20zelenina.jpg","height":0,"width":0},"url":"https:\/\/www.lukre.cz\/proc-v-madarsku-dozrava-paprika-lepe-nez-jinde\/","about":["Zbo\u017e\u00ed"],"wordCount":432,"articleBody":"         Kdy\u017e si bude cht\u00edt n\u011bkdo z v\u00e1s vyp\u011bstovat na zahrad\u011b papriku, a nep\u016fjde zrovna o typickou zem\u011bd\u011blskou a velmi \u00farodnou oblast B\u0159eclavska, Han\u00e9 \u010di Polab\u00ed, bude ji pravd\u011bpodobn\u011b m\u00edt vys\u00e1zenou ve sklen\u00edku. Na\u0161e \u00fazem\u00ed nem\u00e1 zkr\u00e1tka p\u0159\u00edli\u0161 ide\u00e1ln\u00ed podm\u00ednky pro p\u011bstov\u00e1n\u00ed t\u011bchto druh\u016f zeleniny, jako je tomu v Ma\u010farsku.Ma\u010fa\u0159i se zem\u011bd\u011blsk\u00e9 \u010dinnosti v\u011bnuj\u00ed ji\u017e stovky let, p\u0159ed\u00e1vaj\u00ed si sv\u00e9 zku\u0161enosti v r\u00e1mci rodinn\u00fdch farem, ale nejv\u011bt\u0161\u00ed tajemstv\u00ed \u00fasp\u011bchu tkv\u00ed p\u0159edev\u0161\u00edm v oblasti, kde Ma\u010farsko le\u017e\u00ed.Sv\u00edt\u00ed tu slunce mnohem v\u00edc, ne\u017e u n\u00e1s \u2013 po\u010det slune\u010dn\u00fdch dn\u016f a d\u00e9lka slune\u010dn\u00edho svitu tu odpov\u00edd\u00e1 kontinent\u00e1ln\u00edmu r\u00e1zu po\u010das\u00ed, v Ma\u010farsku neza\u017e\u00edvaj\u00ed tak siln\u00e9 vp\u00e1dy studen\u00fdch front, jak\u00e9 jsou typick\u00e9 pro \u00dasteck\u00fd kraj, p\u00e1s Kru\u0161n\u00fdch hor a severn\u00ed oblasti Fr\u00fddlantsk\u00e9ho v\u00fdb\u011b\u017eku, D\u011b\u010d\u00ednska, \u010cesk\u00e9ho \u0160v\u00fdcarska, Jizersk\u00fdch hor, Lu\u017eick\u00fdch hor a Krkono\u0161. Slunce je z\u00e1kladn\u00ed podm\u00ednkou pro vyp\u011bstov\u00e1n\u00ed paprik, okurek, raj\u010dat a dal\u0161\u00edch odr\u016fd zeleniny, v tak obrovsk\u00e9m mno\u017estv\u00ed, s jak\u00fdm se st\u011b\u017e\u00ed m\u016f\u017ee srovn\u00e1vat jin\u00e1 evropsk\u00e1 zem\u011b a proto je tak\u00e9 ma\u010farsk\u00e1 paprika Mpochoutky.eu vyhl\u00e1\u0161en\u00fdm ko\u0159en\u00edm na cel\u00e9m sv\u011bt\u011b.Mimo\u0159\u00e1dn\u011b \u00farodn\u00e1 p\u016fda \u2013 na slo\u017een\u00ed p\u016fdy m\u00e1 z\u0159ejm\u011b p\u0159\u00edzniv\u00fd vliv prav\u011bk\u00e1 historie tohoto \u00fazem\u00ed a spolu s t\u00edm i doln\u00ed tok \u0159eky Dunaje. V\u011bt\u0161ina zem\u011bd\u011blsk\u00fdch ploch se v Ma\u010farsku nal\u00e9z\u00e1 ve velmi n\u00edzk\u00e9 nadmo\u0159sk\u00e9 v\u00fd\u0161ce, co\u017e odpov\u00edd\u00e1 ide\u00e1ln\u00edm podm\u00ednk\u00e1m pro zem\u011bd\u011blskou \u010dinnost.Ma\u010fa\u0159i obd\u011bl\u00e1vaj\u00ed pole s l\u00e1skou \u2013 kdy\u017e podniknete do Ma\u010farska v\u00fdlet, zjist\u00edte, \u017ee tu velmi dob\u0159e prosperuje p\u0159ibli\u017en\u011b p\u016fl milionu soukrom\u00fdch rodinn\u00fdch farem. Jen si p\u0159edstavte takov\u00fd po\u010det aktivn\u00edch zem\u011bd\u011blc\u016f, kdyby se to odehr\u00e1valo na na\u0161em \u00fazem\u00ed. Zdaleka se Ma\u010far\u016fm nem\u016f\u017eeme v tomto ohledu rovnat, a co je jim ke cti, obd\u011bl\u00e1vaj\u00ed p\u016fdu s l\u00e1skou, pe\u010duj\u00ed o ni d\u016fsledn\u011b, co\u017e se tak\u00e9 projevuje velmi vysok\u00fdm pod\u00edlem na hrub\u00e9m dom\u00e1c\u00edm produktu, mimochodem nejvy\u0161\u0161\u00edm mezi st\u00e1ty EU.                                                                                                                                                                                                                                                                                                                                                                                          3.7\/5 - (6 votes)        "},{"@context":"https:\/\/schema.org\/","@type":"BreadcrumbList","itemListElement":[{"@type":"ListItem","position":1,"name":"Pro\u010d v Ma\u010farsku dozr\u00e1v\u00e1 paprika l\u00e9pe, ne\u017e jinde","item":"https:\/\/www.lukre.cz\/proc-v-madarsku-dozrava-paprika-lepe-nez-jinde\/#breadcrumbitem"}]}]