[{"@context":"https:\/\/schema.org\/","@type":"Article","@id":"https:\/\/www.lukre.cz\/pokoje-temer-po-celem-meste\/#Article","mainEntityOfPage":"https:\/\/www.lukre.cz\/pokoje-temer-po-celem-meste\/","headline":"Pokoje t\u00e9m\u011b\u0159 po cel\u00e9m m\u011bst\u011b","name":"Pokoje t\u00e9m\u011b\u0159 po cel\u00e9m m\u011bst\u011b","description":"V\u00e1\u017een\u00e9 d\u00e1my a p\u00e1nov\u00e9 a v\u016fbec v\u0161ichni n\u00e1v\u0161t\u011bvn\u00edci na\u0161eho hlavn\u00edho m\u011bsta, pokud pot\u0159ebujete hned te\u010f nebo budete pot\u0159ebovat v budoucnosti levn\u00e9 ubytov\u00e1n\u00ed Praha, tak se obra\u0165te na n\u00e1s. Na\u0161e spole\u010dnost V\u00e1m nab\u00edz\u00ed spoustu za\u0159\u00edzen\u00ed t\u00e9m\u011b\u0159 po cel\u00e9m tomto kr\u00e1sn\u00e9m m\u011bst\u011b, ve kter\u00fdch m\u016f\u017eete slo\u017eit svou hlavinku jak jen na p\u00e1r noc\u00ed tak i na n\u011bkolik [&hellip;]","datePublished":"2025-02-08","dateModified":"2025-02-08","author":{"@type":"Person","@id":"https:\/\/www.lukre.cz\/author\/#Person","name":"","url":"https:\/\/www.lukre.cz\/author\/","identifier":1,"image":{"@type":"ImageObject","@id":"https:\/\/secure.gravatar.com\/avatar\/6eaf701939e92690bed32d6f2e2c0f9e1355f2e3837c1fb45fbfacf848239e2d?s=96&d=mm&r=g","url":"https:\/\/secure.gravatar.com\/avatar\/6eaf701939e92690bed32d6f2e2c0f9e1355f2e3837c1fb45fbfacf848239e2d?s=96&d=mm&r=g","height":96,"width":96}},"publisher":{"@type":"Organization","name":"lukre.cz","logo":{"@type":"ImageObject","@id":"\/logo.png","url":"\/logo.png","width":600,"height":60}},"url":"https:\/\/www.lukre.cz\/pokoje-temer-po-celem-meste\/","wordCount":213,"articleBody":"V\u00e1\u017een\u00e9 d\u00e1my a p\u00e1nov\u00e9 a v\u016fbec v\u0161ichni n\u00e1v\u0161t\u011bvn\u00edci na\u0161eho hlavn\u00edho m\u011bsta, pokud pot\u0159ebujete hned te\u010f nebo budete pot\u0159ebovat v budoucnosti levn\u00e9 ubytov\u00e1n\u00ed Praha, tak se obra\u0165te na n\u00e1s. Na\u0161e spole\u010dnost V\u00e1m nab\u00edz\u00ed spoustu za\u0159\u00edzen\u00ed t\u00e9m\u011b\u0159 po cel\u00e9m tomto kr\u00e1sn\u00e9m m\u011bst\u011b, ve kter\u00fdch m\u016f\u017eete slo\u017eit svou hlavinku jak jen na p\u00e1r noc\u00ed tak i na n\u011bkolik m\u011bs\u00edc\u016f. Nab\u00edz\u00edme V\u00e1m velmi kvalitn\u00ed slu\u017eby za \u00fa\u017easn\u00e9 ceny. N\u00edzk\u00e9 ceny a kvalitn\u00ed slu\u017eby Ka\u017ed\u00fd, kdo p\u0159ijede do Prahy, si mysl\u00ed, \u017ee ho p\u0159esp\u00e1n\u00ed bude st\u00e1t spoustu pen\u011bz, ale tak to nen\u00ed, pokud se obr\u00e1t\u00edte na n\u00e1s. Na\u0161e spole\u010dnost V\u00e1m nab\u00edz\u00ed ubytov\u00e1n\u00ed hned na n\u011bkolika m\u00edstech t\u00e9m\u011b\u0159 po cel\u00e9m m\u011bst\u011b. Ka\u017ed\u00e9 v bl\u00edzkosti MHD, abyste se rychle dostali do centra a parkov\u00e1n\u00edm pro Va\u0161e auto zdarma. Tak nev\u00e1hejte a p\u0159ije\u010fte k n\u00e1m a vyu\u017eijte na\u0161ich \u00fa\u017easn\u00fdch velmi n\u00edzk\u00fdch cen a kvalitn\u00edch vybaven\u00fdch pokoj\u016f.                                                                                                                                                                                                                                                                                                                                                                                                "},{"@context":"https:\/\/schema.org\/","@type":"BreadcrumbList","itemListElement":[{"@type":"ListItem","position":1,"name":"Pokoje t\u00e9m\u011b\u0159 po cel\u00e9m m\u011bst\u011b","item":"https:\/\/www.lukre.cz\/pokoje-temer-po-celem-meste\/#breadcrumbitem"}]}]