[{"@context":"https:\/\/schema.org\/","@type":"Article","@id":"https:\/\/www.lukre.cz\/je-bytovy-architekt-praha-drahy\/#Article","mainEntityOfPage":"https:\/\/www.lukre.cz\/je-bytovy-architekt-praha-drahy\/","headline":"Je bytov\u00fd architekt Praha drah\u00fd?","name":"Je bytov\u00fd architekt Praha drah\u00fd?","description":"Nen\u00ed pochyb o tom, \u017ee ka\u017ed\u00fd z n\u00e1s chce m\u00edt sv\u016fj byt kr\u00e1sn\u00fd a \u00fatuln\u00fd. Chceme, aby vytv\u00e1\u0159el tu spr\u00e1vnou atmosf\u00e9ru domova a aby se zde v\u0161ichni \u010dlenov\u00e9 rodiny i n\u00e1v\u0161t\u011bvy c\u00edtily dob\u0159e a uvoln\u011bn\u011b. To je samoz\u0159ejm\u011b v po\u0159\u00e1dku, av\u0161ak co d\u011blat, pokud v\u00edme, \u017ee n\u00e1\u0161 vkus a organiza\u010dn\u00ed schopnosti nejsou zrovna na v\u00fd\u0161i? [&hellip;]","datePublished":"2020-08-17","dateModified":"2023-05-22","author":{"@type":"Person","@id":"https:\/\/www.lukre.cz\/author\/#Person","name":"","url":"https:\/\/www.lukre.cz\/author\/","identifier":1,"image":{"@type":"ImageObject","@id":"https:\/\/secure.gravatar.com\/avatar\/6eaf701939e92690bed32d6f2e2c0f9e1355f2e3837c1fb45fbfacf848239e2d?s=96&d=mm&r=g","url":"https:\/\/secure.gravatar.com\/avatar\/6eaf701939e92690bed32d6f2e2c0f9e1355f2e3837c1fb45fbfacf848239e2d?s=96&d=mm&r=g","height":96,"width":96}},"publisher":{"@type":"Organization","name":"lukre.cz","logo":{"@type":"ImageObject","@id":"\/logo.png","url":"\/logo.png","width":600,"height":60}},"image":{"@type":"ImageObject","@id":"https:\/\/www.lukre.cz\/wp-content\/uploads\/podminky1_1.jpg","url":"https:\/\/www.lukre.cz\/wp-content\/uploads\/podminky1_1.jpg","height":0,"width":0},"url":"https:\/\/www.lukre.cz\/je-bytovy-architekt-praha-drahy\/","about":["Domov"],"wordCount":448,"articleBody":"   Nen\u00ed pochyb o tom, \u017ee ka\u017ed\u00fd z n\u00e1s chce m\u00edt sv\u016fj byt kr\u00e1sn\u00fd a \u00fatuln\u00fd. Chceme, aby vytv\u00e1\u0159el tu spr\u00e1vnou atmosf\u00e9ru domova a aby se zde v\u0161ichni \u010dlenov\u00e9 rodiny i n\u00e1v\u0161t\u011bvy c\u00edtily dob\u0159e a uvoln\u011bn\u011b.To je samoz\u0159ejm\u011b v po\u0159\u00e1dku, av\u0161ak co d\u011blat, pokud v\u00edme, \u017ee n\u00e1\u0161 vkus a organiza\u010dn\u00ed schopnosti nejsou zrovna na v\u00fd\u0161i? Jak zabr\u00e1nit, abychom propadli k\u00fd\u010di a rozv\u011bsili v\u0161ude obrazy z\u00e1pad\u016f Slunce nad mo\u0159em a m\u011bli rozv\u011b\u0161eny bl\u00fdskav\u00e9 cetky?Jednou z mo\u017enost\u00ed je najmut\u00ed bytov\u00e9ho architekta. To je \u010dlov\u011bk, kter\u00fd v\u00e1m dok\u00e1\u017ee navrhnout interi\u00e9r va\u0161eho domu \u010di bytu tak, aby odpov\u00eddal p\u0159esn\u011b va\u0161im p\u0159edstav\u00e1m, av\u0161ak z\u00e1rove\u0148 aby byl vkusn\u00fd a vypadal skute\u010dn\u011b dob\u0159e.Je toti\u017e fakt, \u017ee \u010dasto v tomto p\u0159\u00edpad\u011b podl\u00e9h\u00e1me emoc\u00edm. Nap\u0159\u00edklad vystav\u00edme suven\u00fdry z dovolen\u00e9, a je n\u00e1m prakticky jedno, \u017ee se do dan\u00e9ho prostoru v\u016fbec nehod\u00ed. P\u0159\u00edpadn\u011b rozestav\u00edme n\u00e1bytek tak, \u017ee danou m\u00edstnost, kter\u00e1 u\u017e je tak mal\u00e1, je\u0161t\u011b opticky zmen\u0161\u00edme. A tomu je dobr\u00e9 se vyhnout.Jak ale bytov\u00fd architekt, nap\u0159\u00edklad bytov\u00fd architekt Praha https:\/\/evalofa.com\/, vlastn\u011b funguje? Nejprve si dan\u00fd prostor prohl\u00e9dne a ud\u011bl\u00e1 si pl\u00e1ny. Tak\u00e9 si vy\u017e\u00e1d\u00e1 stavebn\u00ed n\u00e1kresy, kde jsou uvedeny p\u0159esn\u00e9 rozm\u011bry jednotliv\u00fdch st\u011bn i um\u00edst\u011bn\u00ed oken \u010di dve\u0159\u00ed.D\u00e1le si s v\u00e1mi promluv\u00ed o tom, co byste si tam na dan\u00e9m prostoru p\u0159edstavovali. Chcete danou m\u00edstnost vyu\u017e\u00edvat jako ob\u00fdvac\u00ed pokoj, lo\u017enici, nebo k jin\u00e9mu \u00fa\u010delu? A jak by m\u011bla zhruba vypadat? Co v\u0161e tam nesm\u00ed chyb\u011bt? A jak\u00fd m\u00e1te p\u0159ibli\u017en\u011b rozpo\u010det?N\u00e1sledn\u011b na z\u00e1klad\u011b t\u011bchto \u00fadaj\u016f pak vytvo\u0159\u00ed n\u00e1vrh, d\u00edky modern\u00edm technologi\u00edm ve 3D. Ten v\u00e1m p\u0159edstav\u00ed a vy se rozhodnete, zda s n\u00edm souhlas\u00edte \u010di nikoliv, p\u0159\u00edpadn\u011b zda by tam nebylo vhodn\u00e9 ud\u011blat n\u011bjak\u00e9 drobn\u00e9 zm\u011bny.To v\u0161e zn\u00ed dob\u0159e, ale m\u011bjte na pam\u011bti, \u017ee architekt si za sv\u00e9 slu\u017eby nech\u00e1 zaplatit. A zvl\u00e1\u0161t\u011b v na\u0161em hlavn\u00edm m\u011bst\u011b nebude tato cena nejmen\u0161\u00ed. Z\u00e1le\u017e\u00ed pak na v\u00e1s, zda budete ochotni tuto \u010d\u00e1stku ob\u011btovat, nebo zda se pokus\u00edte n\u011bco vytvo\u0159it sami. Jen si v\u0161e nap\u0159ed dob\u0159e promyslete.                                                                                                                                                                                                                                                                                                                                                                                          3.7\/5 - (8 votes)        "},{"@context":"https:\/\/schema.org\/","@type":"BreadcrumbList","itemListElement":[{"@type":"ListItem","position":1,"name":"Je bytov\u00fd architekt Praha drah\u00fd?","item":"https:\/\/www.lukre.cz\/je-bytovy-architekt-praha-drahy\/#breadcrumbitem"}]}]