[{"@context":"https:\/\/schema.org\/","@type":"Article","@id":"https:\/\/www.lukre.cz\/jak-se-nezblaznit-v-zenskem-kolektivu\/#Article","mainEntityOfPage":"https:\/\/www.lukre.cz\/jak-se-nezblaznit-v-zenskem-kolektivu\/","headline":"Jak se nezbl\u00e1znit v \u017eensk\u00e9m kolektivu?","name":"Jak se nezbl\u00e1znit v \u017eensk\u00e9m kolektivu?","description":"Kdy\u017e se \u0159ekne slovo \u017eena, v\u0161ichni si p\u0159edstav\u00ed p\u016fvab a bytost, kter\u00e1 d\u011bl\u00e1 tento sv\u011bt kr\u00e1sn\u011bj\u0161\u00ed. Ov\u0161em, kdy\u017e se setk\u00e1 mnoho \u017een pohromad\u011b a tr\u00e1v\u00ed spolu na pracovi\u0161ti spoustu \u010dasu, v\u0161em se na hlav\u011b u\u017e zje\u017e\u00ed vlasy. Je to pochopiteln\u00e9 z hlediska toho, \u017ee ka\u017ed\u00e1 \u017eena je jin\u00e1 a v\u011bt\u0161inou m\u00e1 ka\u017ed\u00e1 \u017eena pot\u0159ebu \u017e\u00edt [&hellip;]","datePublished":"2020-09-14","dateModified":"2023-05-22","author":{"@type":"Person","@id":"https:\/\/www.lukre.cz\/author\/#Person","name":"","url":"https:\/\/www.lukre.cz\/author\/","identifier":1,"image":{"@type":"ImageObject","@id":"https:\/\/secure.gravatar.com\/avatar\/6eaf701939e92690bed32d6f2e2c0f9e1355f2e3837c1fb45fbfacf848239e2d?s=96&d=mm&r=g","url":"https:\/\/secure.gravatar.com\/avatar\/6eaf701939e92690bed32d6f2e2c0f9e1355f2e3837c1fb45fbfacf848239e2d?s=96&d=mm&r=g","height":96,"width":96}},"publisher":{"@type":"Organization","name":"lukre.cz","logo":{"@type":"ImageObject","@id":"\/logo.png","url":"\/logo.png","width":600,"height":60}},"image":{"@type":"ImageObject","@id":"https:\/\/www.lukre.cz\/wp-content\/uploads\/img_a311868_w2057_t1522934890.jpg","url":"https:\/\/www.lukre.cz\/wp-content\/uploads\/img_a311868_w2057_t1522934890.jpg","height":0,"width":0},"url":"https:\/\/www.lukre.cz\/jak-se-nezblaznit-v-zenskem-kolektivu\/","about":["Domov"],"wordCount":437,"articleBody":"Kdy\u017e se \u0159ekne slovo \u017eena, v\u0161ichni si p\u0159edstav\u00ed p\u016fvab a bytost, kter\u00e1 d\u011bl\u00e1 tento sv\u011bt kr\u00e1sn\u011bj\u0161\u00ed. Ov\u0161em, kdy\u017e se setk\u00e1 mnoho \u017een pohromad\u011b a tr\u00e1v\u00ed spolu na pracovi\u0161ti spoustu \u010dasu, v\u0161em se na hlav\u011b u\u017e zje\u017e\u00ed vlasy. Je to pochopiteln\u00e9 z hlediska toho, \u017ee ka\u017ed\u00e1 \u017eena je jin\u00e1 a v\u011bt\u0161inou m\u00e1 ka\u017ed\u00e1 \u017eena pot\u0159ebu \u017e\u00edt po\u0159\u00e1d v n\u011bjak\u00e9m d\u011bn\u00ed. To m\u00e1 na sv\u011bdom\u00ed i fakt, pro\u010d se v \u017eensk\u00e9m kolektivu d\u00e1 m\u00e1lokdy vydr\u017eet nebo v\u016fbec v n\u011bm i pracovat.&#13; \u25aa Pomluvy a drby na denn\u00edm po\u0159\u00e1dku&#13; &#13; \u017deny maj\u00ed odjak\u017eiva pot\u0159ebu pomlouvat sv\u00e9 sokyn\u011b, ale i kamar\u00e1dky. Jde o nemil\u00e9 vytknut\u00ed chyb v\u00fd\u0161e zm\u00edn\u011bn\u00fdch, ale tak\u00e9 o nutnost se vypov\u00eddat a v\u0161eobecn\u011b o n\u011b\u010dem mluvit. A co je lep\u0161\u00ed, ne\u017e po\u0159\u00e1dn\u011b probrat svou kamar\u00e1dku nebo dopodrobna pomluvit osobu, kter\u00e1 v\u00e1m je nesympatick\u00e1?\u010castou chybou na pracovi\u0161ti, ve kter\u00e9m pracuj\u00ed jen sam\u00e9 \u017eeny je to, \u017ee se \u010dasem za\u010dnou pomlouvat a h\u00e1dat v\u0161echny z\u00fa\u010dastn\u011bn\u00e9 mezi sebou. A to z pracovi\u0161t\u011b d\u011bl\u00e1 nejen p\u011bkn\u00fd rozruch, ale sni\u017euje i jeho v\u00fdkonnost, produktivitu a t\u00edm dobr\u00e9 jm\u00e9no.&#13; &#13; \u25aa M\u00edsto kamar\u00e1dek \u2013 kolegyn\u011b&#13; &#13; Rozumn\u00fdm a vhodn\u00fdm \u0159e\u0161en\u00edm pro to, abyste v \u017eensk\u00e9m kolektivu dok\u00e1zali \u201ep\u0159e\u017e\u00edt\u201c, je ujasnit si hned od po\u010d\u00e1tku sv\u00e9 pozice a ur\u010dit n\u011bjak\u00e9 hranice. Pokud si sv\u00e9 kolegyn\u011b pust\u00edte a\u017e p\u0159\u00edli\u0161 k t\u011blu a sv\u011b\u0159\u00edte jim i sv\u00e9 osobn\u00ed informace o va\u0161em \u017eivot\u011b, je dost mo\u017en\u00e9, \u017ee se to \u010dasem obr\u00e1t\u00ed proti v\u00e1m a ve firm\u011b se za\u010dnou \u0161\u00ed\u0159it informace, kter\u00e9 m\u011bli z\u016fstat utajen\u00e9. Je d\u016fle\u017eit\u00e9 m\u00edt vztah se sv\u00fdmi kolegyn\u011bmi na profesion\u00e1ln\u00ed \u00farovni, abyste se p\u0159edem vyhnuli mo\u017en\u00fdm konflikt\u016fm a nep\u0159\u00edjemn\u00fdm situac\u00edm.&#13; &#13; Fungovat v kolektivu, kter\u00fd je pln\u00fd \u017een je opravdu nelehk\u00e9. P\u0159edt\u00edm, ne\u017e si budete hledat zam\u011bstn\u00e1n\u00ed si rozmyslete, jestli kolektiv \u017een je pro v\u00e1s to prav\u00e9 o\u0159echov\u00e9. Tak\u00e9 do budoucna zva\u017ete, jestli to neovlivn\u00ed va\u0161e pracovn\u00ed nasazen\u00ed. P\u0159ece jen, m\u00edt v kolektivu n\u011bjak\u00e9 mu\u017ee, kte\u0159\u00ed jsou ve v\u0161ech situac\u00edch nad v\u011bc\u00ed a nestrann\u00ed je n\u011bco, co v\u00e1m m\u016f\u017ee v pr\u00e1ci b\u00fdt dobr\u00fdm plusem do budoucna.&#13;                                                                                                                                                                                                                                                                                                                                                                                         4\/5 - (7 votes)        "},{"@context":"https:\/\/schema.org\/","@type":"BreadcrumbList","itemListElement":[{"@type":"ListItem","position":1,"name":"Jak se nezbl\u00e1znit v \u017eensk\u00e9m kolektivu?","item":"https:\/\/www.lukre.cz\/jak-se-nezblaznit-v-zenskem-kolektivu\/#breadcrumbitem"}]}]